{"id":15003,"date":"2023-12-15T19:27:20","date_gmt":"2023-12-15T22:27:20","guid":{"rendered":"https:\/\/bonfimnoticias.com.br\/prestamos-sociales-bps-descubrelo-todo-sobre-esta-gran-oportunidad\/"},"modified":"2024-01-16T08:37:53","modified_gmt":"2024-01-16T11:37:53","slug":"prestamos-sociales-bps-descubrelo-todo-sobre-esta-gran-oportunidad","status":"publish","type":"post","link":"https:\/\/bonfimnoticias.com.br\/tr\/prestamos-sociales-bps-descubrelo-todo-sobre-esta-gran-oportunidad\/","title":{"rendered":"BPS sosyal kredileri: Bu harika f\u0131rsat hakk\u0131nda her \u015feyi \u00f6\u011frenin!"},"content":{"rendered":"<p><!-- wp_cf5e68:paragraph --><\/p>\n<p>Ba\u015flamak i\u00e7in, bu \u00f6zel kredi kategorisinin ne anlama geldi\u011fini bilmeniz gerekiyor. Sosyal krediler, genel olarak, belirli ve acil bir sosyal ihtiyac\u0131 destekleme amac\u0131 ta\u015f\u0131yan para elde etme f\u0131rsatlar\u0131d\u0131r. Bu \u015fekilde, finans kurulu\u015flar\u0131 bu bak\u0131\u015f a\u00e7\u0131s\u0131n\u0131 sunarak \u00f6demeleriniz i\u00e7in daha eri\u015filebilir faiz oranlar\u0131 sa\u011flarlar. <\/p>\n<p><!-- \/wp_cf5e68:paragraph --><\/p>\n<p><!-- wp_cf5e68:paragraph --><\/p>\n<p>Bu nedenle, BPS (Banco de Previsi\u00f3n Social) taraf\u0131ndan sunulan \u00f6zel bir f\u0131rsat\u0131 bug\u00fcn ke\u015ffedin ve nas\u0131l ba\u015fvuraca\u011f\u0131n\u0131z\u0131 \u00f6\u011frenin. Daha fazla bilgi edinin.<\/p>\n<p><!-- \/wp_cf5e68:paragraph --><\/p>\n<p><!-- wp_cf5e68:image {\"id\":11536,\"sizeSlug\":\"full\",\"linkDestination\":\"none\"} --><\/p>\n<figure class=\"wp_cf5e68-block-image size-full\"><img loading=\"lazy\" decoding=\"async\" src=\"https:\/\/bonfimnoticias.com.br\/wp_cf5e68-content\/uploads\/2023\/12\/fc1e0f44-bps-certo-442x442-1-1.png\" alt=\"Pr\u00e9stamos sociales BPS: \u00a1desc\u00fabrelo todo sobre esta gran oportunidad!\" class=\"wp_cf5e68-image-11536\" \/><figcaption class=\"wp_cf5e68-element-caption\">Sosyal krediler BPS Kaynak: Utua<\/figcaption><\/figure>\n<p><!-- \/wp_cf5e68:image --><\/p>\n<p><!-- wp_cf5e68:heading --><\/p>\n<h2 class=\"wp_cf5e68-block-heading\">BPS hakk\u0131nda daha fazla bilgi<\/h2>\n<p><!-- \/wp_cf5e68:heading --><\/p>\n<p><!-- wp_cf5e68:paragraph --><\/p>\n<p>Uruguay Sosyal G\u00fcvenlik Bankas\u0131 (Banco de Presi\u00f3n Social de Uruguay), k\u0131saltmas\u0131 BPS olan, \u00fclkedeki sosyal g\u00fcvenlik ve planlama konular\u0131ndan sorumlu bir devlet kurulu\u015fudur. 1915 y\u0131l\u0131n\u0131n ortalar\u0131nda kurulmu\u015f olup, sosyal g\u00fcvenlik yard\u0131mlar\u0131 arac\u0131l\u0131\u011f\u0131yla Uruguay&#039;\u0131n ba\u015fl\u0131ca finans kurulu\u015flar\u0131ndan biri haline gelmi\u015ftir. Bu nedenle, di\u011fer mevcut kurumlardan farkl\u0131 olarak, her giri\u015fimi sosyal g\u00fcvenlikle ilgili finansman programlar\u0131 ve finansal hizmetlerle s\u0131n\u0131rl\u0131d\u0131r.<\/p>\n<p><!-- \/wp_cf5e68:paragraph --><\/p>\n<p><!-- wp_cf5e68:paragraph --><\/p>\n<p>Bu kurum arac\u0131l\u0131\u011f\u0131yla emeklilik maa\u015flar\u0131, engellilik maa\u015flar\u0131, hastal\u0131k yard\u0131mlar\u0131 ve daha bir\u00e7ok fayda sunulmaktad\u0131r. Bu nedenle, bug\u00fcnk\u00fc yaz\u0131m\u0131z\u0131n merkezinde yer alacak olan SOSYAL kredi giri\u015fimiyle de tan\u0131nm\u0131\u015ft\u0131r.<\/p>\n<p><!-- \/wp_cf5e68:paragraph --><\/p>\n<p><!-- wp_cf5e68:heading --><\/p>\n<h2 class=\"wp_cf5e68-block-heading\">Bu kurumdan sosyal kredi al\u0131nmas\u0131n\u0131n tavsiye edilmesinin nedenleri nelerdir?<\/h2>\n<p><!-- \/wp_cf5e68:heading --><\/p>\n<p><!-- wp_cf5e68:paragraph --><\/p>\n<p>Uruguay&#039;daki Sosyal \u00d6ng\u00f6r\u00fc Bankas\u0131&#039;n\u0131n g\u00fcvenilirli\u011fi kan\u0131tland\u0131ktan sonra, devam\u0131nda sosyal kredi finansal \u00fcr\u00fcnlerinin baz\u0131 avantajlar\u0131 a\u00e7\u0131klanacakt\u0131r. Ba\u015flang\u0131\u00e7 olarak, sosyal krediler, \u00fclkede k\u0131sa bir s\u00fcre i\u00e7inde acil olarak belirli bir miktarda paraya ihtiya\u00e7 duyan emekliler ve maa\u015f alanlar i\u00e7in \u00e7ok ge\u00e7erli bir se\u00e7enektir; ba\u015fka bir deyi\u015fle, talep edildikten sonra ba\u015fvuru sahiplerinin h\u0131zl\u0131 bir \u015fekilde ald\u0131\u011f\u0131 \u00fcr\u00fcnlerdir.<\/p>\n<p><!-- \/wp_cf5e68:paragraph --><\/p>\n<p><!-- wp_cf5e68:paragraph --><\/p>\n<p>Ancak, kredi ba\u015fvurusunda bulunmadan \u00f6nce, ilgilendi\u011finiz faiz t\u00fcrlerini ve paraya ger\u00e7ekten ihtiyac\u0131n\u0131z olup olmad\u0131\u011f\u0131n\u0131 g\u00f6z \u00f6n\u00fcnde bulundurman\u0131z \u00e7ok \u00f6nemlidir. G\u00f6z ard\u0131 edilmemesi gereken bir di\u011fer nokta ise, mali hayat\u0131n\u0131zda kay\u0131plardan ka\u00e7\u0131nmak ve sevdikleriniz veya g\u00fcvenilir arkada\u015flar\u0131n\u0131z gibi daha az g\u00fcvenilir yollarla ihtiyac\u0131n\u0131z olan paray\u0131 elde etme olas\u0131l\u0131\u011f\u0131n\u0131 ortadan kald\u0131rmak i\u00e7in \u00f6demeyi \u00f6nceden planlamakt\u0131r.<\/p>\n<p><!-- \/wp_cf5e68:paragraph --><\/p>\n<p><!-- wp_cf5e68:paragraph --><\/p>\n<p>Ancak objektif olarak bak\u0131ld\u0131\u011f\u0131nda, bu s\u00f6zle\u015fmeye abone olman\u0131n ba\u015fl\u0131ca faydalar\u0131 \u015funlard\u0131r:<\/p>\n<p><!-- \/wp_cf5e68:paragraph --><\/p>\n<p><!-- wp_cf5e68:list --><\/p>\n<ul><!-- wp_cf5e68:list-item --><\/p>\n<li>Ge\u00e7ici i\u015f g\u00f6remezlik i\u00e7in bir mali destek var m\u0131?<\/li>\n<p><!-- \/wp_cf5e68:list-item --><\/p>\n<p><!-- wp_cf5e68:list-item --><\/p>\n<li>Ayr\u0131ca, \u00fccretli i\u015fsizlik \u00f6dene\u011fine de eri\u015febilirsiniz.<\/li>\n<p><!-- \/wp_cf5e68:list-item --><\/ul>\n<p><!-- \/wp_cf5e68:list --><\/p>\n<p><!-- wp_cf5e68:paragraph --><\/p>\n<p>Ayr\u0131ca, t\u00fcm sorular\u0131n\u0131z\u0131 yan\u0131tlamak i\u00e7in kurulu\u015fun web sitesindeki bilgilere de ba\u015fvurabilirsiniz.<\/p>\n<p><!-- \/wp_cf5e68:paragraph --><\/p>\n<p><!-- wp_cf5e68:buttons --><\/p>\n<div class=\"wp_cf5e68-block-buttons\"><!-- wp_cf5e68:button --><\/p>\n<div class=\"wp_cf5e68-block-button\"><a class=\"wp_cf5e68-block-button__link wp_cf5e68-element-button\" href=\"https:\/\/www.bps.gub.uy\/19382\/banco-de-prevision-social.html\" target=\"_blank\" rel=\"noreferrer noopener\">Sosyal G\u00fcvenlik Bankas\u0131&#039;n\u0131n (BPS) resmi web sitesi \u279c <\/a><\/div>\n<p><!-- \/wp_cf5e68:button --><\/div>\n<p><!-- \/wp_cf5e68:buttons --><\/p>\n<p><!-- wp_cf5e68:heading --><\/p>\n<h2 class=\"wp_cf5e68-block-heading\">Sosyal yard\u0131m ba\u015fvurunuzu nas\u0131l yapabilirsiniz?<\/h2>\n<p><!-- \/wp_cf5e68:heading --><\/p>\n<p><!-- wp_cf5e68:paragraph --><\/p>\n<p>BPS kurumunun ge\u00e7mi\u015fini ve sosyal kredi \u00fcr\u00fcn\u00fcn\u00fcn faydalar\u0131n\u0131 analiz ettikten sonra, krediyi almakla ilgileniyorsan\u0131z, do\u011fru zaman geldi demektir. Her durumda, sosyal krediye nas\u0131l ba\u015fvurulur ve nas\u0131l &quot;faydalan\u0131l\u0131r&quot;? &quot;Yararlan\u0131c\u0131&quot; ifadesi parantez i\u00e7inde yer al\u0131yor \u00e7\u00fcnk\u00fc onlara daha sonra geri \u00f6denmesi gereken kaynaklar sa\u011flam\u0131yoruz ve mali sa\u011fl\u0131\u011f\u0131n\u0131z\u0131 tehlikeye atmamak i\u00e7in onlar\u0131 unutmak zorunda de\u011filiz.<\/p>\n<p><!-- \/wp_cf5e68:paragraph --><\/p>\n<p><!-- wp_cf5e68:paragraph --><\/p>\n<p>Bu nedenle, kredi ba\u015fvurusunda bulunma hakk\u0131nda bilgi edinmeden \u00f6nce, ayl\u0131k geri \u00f6demelerinizin ayl\u0131k gelirinizin 1&#039;ini a\u015fmamas\u0131 gerekti\u011fini \u00f6nceden bilmelisiniz. Bu, kredi ihtiyac\u0131n\u0131z oldu\u011funda ne kadar harcaman\u0131z gerekti\u011fi konusunda bir temel olu\u015fturan bir \u00f6neridir.<\/p>\n<p><!-- \/wp_cf5e68:paragraph --><\/p>\n<p><!-- wp_cf5e68:paragraph --><\/p>\n<p>Daha fazla s\u00f6ze gerek yok, talep etmek i\u00e7in emekli olman\u0131z, \u00fccretli i\u015f g\u00f6remezlik \u00f6dene\u011fi alman\u0131z veya i\u015f g\u00f6remezlik nedeniyle ge\u00e7ici bir \u00f6denek alman\u0131z gerekiyor. Bunlar temel \u015fartlar. E\u011fer bu \u015fartlar\u0131 kar\u015f\u0131l\u0131yorsan\u0131z, taksit talebinizi BPS&#039;nin \u015fahsen i\u015flem yap\u0131lan \u015fubelerinden yapman\u0131z gerekecek. Tek yapman\u0131z gereken, size en yak\u0131n \u015fubeye gidip hemen ziyaret etmek. O anda belgelerinizi yan\u0131n\u0131zda bulundurun. <a href=\"https:\/\/www.gub.uy\/identidad-registros\" target=\"_blank\" rel=\"noreferrer noopener\">ki\u015fisel kimlik<\/a>\u0130kametgah belgesi ve gelir belgesi gibi gerekli olabilecek belgeler de dahil olmak \u00fczere, yukar\u0131da belirtilen web sitesinde daha fazla bilgi bulabilir ve ziyaretiniz s\u0131ras\u0131nda yan\u0131n\u0131zda g\u00f6t\u00fcrmeniz gerekenler hakk\u0131nda daha fazla veri edinebilirsiniz. Muhtemelen bir ileti\u015fim numaras\u0131 veya e-posta adresi de olacakt\u0131r.<\/p>\n<p><!-- \/wp_cf5e68:paragraph --><\/p>\n<p><!-- wp_cf5e68:paragraph --><\/p>\n<p>Bu f\u0131rsattan yararland\u0131ysan\u0131z ve acil paraya ihtiyac\u0131n\u0131z varsa ancak \u015fartlar\u0131 kar\u015f\u0131lam\u0131yorsan\u0131z endi\u015felenmeyin. Buradaki haberleri takip edin ve b\u00f6lgenizdeki t\u00fcm finansal tekliflerden haberdar olun. Takipte kal\u0131n!<\/p>\n<p><!-- \/wp_cf5e68:paragraph --><\/p>\n<p><!-- wp_cf5e68:buttons --><\/p>\n<div class=\"wp_cf5e68-block-buttons\"><!-- wp_cf5e68:button --><\/p>\n<div class=\"wp_cf5e68-block-button\"><a class=\"wp_cf5e68-block-button__link wp_cf5e68-element-button\" href=\"https:\/\/www.bps.gub.uy\/bps\/mapalocales.jsp?contentid=16030\" target=\"_blank\" rel=\"noreferrer noopener\">BPS&#039;nin \u015fahsen hizmet veren banka \u015fubelerinin haritas\u0131na eri\u015fin \u279c<\/a><\/div>\n<p><!-- \/wp_cf5e68:button --><\/div>\n<p><!-- \/wp_cf5e68:buttons --><\/p>","protected":false},"excerpt":{"rendered":"<p>Para empezar, es necesario tener en cuenta de qu\u00e9 se trata esta categor\u00eda de pr\u00e9stamo tan espec\u00edfica. Los pr\u00e9stamos sociales,&#8230;<\/p>","protected":false},"author":19,"featured_media":0,"comment_status":"open","ping_status":"open","sticky":false,"template":"","format":"standard","meta":{"footnotes":""},"categories":[],"tags":[],"class_list":["post-15003","post","type-post","status-publish","format-standard","hentry"],"_links":{"self":[{"href":"https:\/\/bonfimnoticias.com.br\/tr\/wp-json\/wp\/v2\/posts\/15003","targetHints":{"allow":["GET"]}}],"collection":[{"href":"https:\/\/bonfimnoticias.com.br\/tr\/wp-json\/wp\/v2\/posts"}],"about":[{"href":"https:\/\/bonfimnoticias.com.br\/tr\/wp-json\/wp\/v2\/types\/post"}],"author":[{"embeddable":true,"href":"https:\/\/bonfimnoticias.com.br\/tr\/wp-json\/wp\/v2\/users\/19"}],"replies":[{"embeddable":true,"href":"https:\/\/bonfimnoticias.com.br\/tr\/wp-json\/wp\/v2\/comments?post=15003"}],"version-history":[{"count":0,"href":"https:\/\/bonfimnoticias.com.br\/tr\/wp-json\/wp\/v2\/posts\/15003\/revisions"}],"wp:attachment":[{"href":"https:\/\/bonfimnoticias.com.br\/tr\/wp-json\/wp\/v2\/media?parent=15003"}],"wp:term":[{"taxonomy":"category","embeddable":true,"href":"https:\/\/bonfimnoticias.com.br\/tr\/wp-json\/wp\/v2\/categories?post=15003"},{"taxonomy":"post_tag","embeddable":true,"href":"https:\/\/bonfimnoticias.com.br\/tr\/wp-json\/wp\/v2\/tags?post=15003"}],"curies":[{"name":"wp","href":"https:\/\/api.w.org\/{rel}","templated":true}]}}